{"headers": {"id": "ID", "periodo": "Per\u00edodo", "titulo": "Mat\u00e9ria", "autor": "Autor", "ementa": "Ementa", "situacao": "Situa\u00e7\u00e3o"}, "results": [{"id": 182, "periodo": "ordem dia", "titulo": "Projeto de Lei Ordin\u00e1ria n\u00ba 4 de 2023", "autor": "Deny Scheidt - Prefeito", "ementa": "Autoriza o Poder Executivo Municipal a alienar bens m\u00f3veis inserv\u00edveis para a municipalidade e d\u00e1 outras provid\u00eancias.", "situacao": "Aguardando emiss\u00e3o de parecer da comiss\u00e3o"}, {"id": 190, "periodo": "ordem dia", "titulo": "Requerimento n\u00ba 2 de 2023", "autor": "Vereadores de Imbuia", "ementa": "Requer um relat\u00f3rio contendo informa\u00e7\u00f5es sobre as despesas realizadas no Exerc\u00edcio de 2022, por credor, referentes a manuten\u00e7\u00e3o da frota de ve\u00edculos e \r\n m\u00e1quinas da municipalidade.", "situacao": "N\u00e3o informada"}, {"id": 191, "periodo": "ordem dia", "titulo": "Mo\u00e7\u00e3o n\u00ba 2 de 2023", "autor": "Vereadores de Imbuia", "ementa": "Apela ao Poder Executivo Municipal para que adote provid\u00eancias concretas e efetivas quanto a seguran\u00e7a e prote\u00e7\u00e3o dos alunos e servidores das unidades de ensino de nosso Munic\u00edpio.", "situacao": "N\u00e3o informada"}]}