{"headers": {"id": "ID", "ano": "Ano", "numero": "N\u00famero", "tipo__sigla": "Tipo de Mat\u00e9ria Legislativa/Sigla", "tipo__descricao": "Tipo de Mat\u00e9ria Legislativa/Descri\u00e7\u00e3o", "autoria": "Autorias", "texto_original": "Texto Original", "ementa": "Ementa"}, "results": [{"id": "38", "ano": "2014", "numero": "2", "tipo__sigla": "IN", "tipo__descricao": "Indica\u00e7\u00e3o", "autoria": "FRANCISCO ADENIR RODE", "texto_original": "http://sapl.imbuia.sc.leg.br/media/./sapl/public/materialegislativa/2014/38/38_texto_integral.pdf", "ementa": "O VEREADOR QUE ABAIXO SUBSCREVE, SOLICITA AO EXECUTIVO MUNICIPAL ESTUDO DE VIABILIDADE PARA QUE SEJA FEITO UMA LOMBADA NA RUA FERNANDO ARNOLD EM FRENTE A CASA DO SENHOR GILSON DE SOUZA NO BAIRRO JARDIM TARUM\u00c3."}, {"id": "39", "ano": "2014", "numero": "3", "tipo__sigla": "IN", "tipo__descricao": "Indica\u00e7\u00e3o", "autoria": "FRANCISCO ADENIR RODE", "texto_original": "http://sapl.imbuia.sc.leg.br/media/./sapl/public/materialegislativa/2014/39/39_texto_integral.pdf", "ementa": "O VEREADOR QUE ABAIXO SUBSCREVE, SOLICITA AO EXECUTIVO MUNICIPAL ESTUDO DE VIABILIDADE PARA QUE SEJA ADQUIRIDO IMPLEMENTOS AGR\u00cdCOLAS PARA TODAS AS COMUNIDADES DO MUNIC\u00cdPIO PRIORIZANDO PARA A COMUNIDADE DE CAMPO DAS FLORES UMA PLANTADEIRA."}, {"id": "40", "ano": "2014", "numero": "4", "tipo__sigla": "IN", "tipo__descricao": "Indica\u00e7\u00e3o", "autoria": "LEONIR PEDRO BRAUN", "texto_original": "http://sapl.imbuia.sc.leg.br/media/./sapl/public/materialegislativa/2014/40/40_texto_integral.pdf", "ementa": "SOLICITA AO EXECUTIVO MUNICIPAL, ESTUDOS DE VIABILIDADE NO SENTIDO DE QUE TOME A INICIATIVA DE ENCAMINHAR A ESTA CASA LEGISLATIVA, PROJETO DE LEI COMPLEMENTAR ALTERANDO O ESTATUDO DOS SERVIDORES P\u00daBLICOS MUNICIPAIS PARA INSTITUIR UMA LICEN\u00c7A ESPECIAL EM FAVOR DOS SERVIDORES QUE TENHAM FILHOS OU SEJAM TUTOR, CURADOR OU RESPONSAVEL PELA CRIA\u00c7\u00c3O EDUCA\u00c7\u00c3O E PROTE\u00c7\u00c3O DE EXCEPCIONAL, QUE SEJA REDUZIDA SUA CARGA HOR\u00c1RIO DE TRABALHO PARA 20 HORAS SEMANAIS, SEM PREJU\u00cdZO DA REMUNERA\u00c7\u00c3O, CONFORME PROJETO QUE SEGUE EM ANEXO DE ACORDO COM A LEI ESTADUAL N\u00b0 6.634, DE 30 DE SETEMBRO DE 1985."}, {"id": "41", "ano": "2014", "numero": "5", "tipo__sigla": "IN", "tipo__descricao": "Indica\u00e7\u00e3o", "autoria": "", "texto_original": "http://sapl.imbuia.sc.leg.br/media/./sapl/public/materialegislativa/2014/41/41_texto_integral.pdf", "ementa": "REQUER QUE SEJA VIABILIZADO, O REAJUSTE SALARIAL AOS SERVIDORES MUNICIPAIS ATIVOS E INATIVOS."}, {"id": "45", "ano": "2014", "numero": "10", "tipo__sigla": "IN", "tipo__descricao": "Indica\u00e7\u00e3o", "autoria": "RADAM\u00c9IS ARNOLD", "texto_original": "http://sapl.imbuia.sc.leg.br/media/./sapl/public/materialegislativa/2014/45/45_texto_integral.pdf", "ementa": "SOLICITA AO EXECUTIVO MUNICIPAL PARA QUE SEJA ESTUDADA A VIABILIDADE DE CRIAR UM PROJETO DE COMBATE E CONSCIENTIZA\u00c7\u00c3O DE CONTROLE DA POPULA\u00c7\u00c3O DE ANIMAIS E DOEN\u00c7AS ZOONOSES NO MUNICIPIO DE IMBUIA.\r\n"}, {"id": "46", "ano": "2014", "numero": "11", "tipo__sigla": "IN", "tipo__descricao": "Indica\u00e7\u00e3o", "autoria": "FRANCISCO ADENIR RODE", "texto_original": "http://sapl.imbuia.sc.leg.br/media/./sapl/public/materialegislativa/2014/46/46_texto_integral.pdf", "ementa": "SOLICITA AO EXECUTIVO MUNICIPAL E SECRETARIA MUNICIPAL DE EDUCA\u00c7\u00c3O ESTUDO DE VIABILIDADE PARA QUE SEJAM ADQUIRIDOS UNIFORMES AOS MOTORISTAS DE \u00d4NIBUS ESCOLAR PARA QUE AS CRIAN\u00c7AS POSSAM MELHOR IDENTIFICA-LO\r\n"}, {"id": "48", "ano": "2014", "numero": "13", "tipo__sigla": "IN", "tipo__descricao": "Indica\u00e7\u00e3o", "autoria": "FRANCISCO ADENIR RODE", "texto_original": "http://sapl.imbuia.sc.leg.br/media/./sapl/public/materialegislativa/2014/48/48_texto_integral.pdf", "ementa": "SOLICITA AO EXECUTIVO MUNICIPAL E DIRETOR MUNICIPAL DE ESPORTES PARA QUE SEJAM COLOCADAS PLACAS INDICANDO QUE \u00c9 PROIBIDO FUMAR DENTRO DO GIN\u00c1SIO DE ESPORTES HOR\u00c1CIO LAURINDO MACHADO  DEVIDO SER UM AMBIENTE FECHADO E NOS DIAS DE JOGO A PARTICIPA\u00c7\u00c3O DE CRIAN\u00c7AS E MULHERES GRAVIDAS. "}, {"id": "51", "ano": "2014", "numero": "14", "tipo__sigla": "IN", "tipo__descricao": "Indica\u00e7\u00e3o", "autoria": "LEONIR PEDRO BRAUN", "texto_original": "http://sapl.imbuia.sc.leg.br/media/./sapl/public/materialegislativa/2014/51/51_texto_integral.pdf", "ementa": "SOLICITA AO EXECUTIVO MUNICIPAL, ESTUDOS DE VIABILIDADE PARA QUE SEJA LEVADA \u00c1GUA ENCANADA DA CASAN  AT\u00c9 O SAL\u00c3O DA IGREJA CAT\u00d3LICA DA COMUNIDADE DE SAMAMBAIA, DEVIDO  A CONSTRU\u00c7\u00c3O DO NOVO CEMIT\u00c9RIO MUNICIPAL. "}, {"id": "47", "ano": "2014", "numero": "1", "tipo__sigla": "PDL", "tipo__descricao": "Projeto de Decreto Legislativo", "autoria": "LEONIR PEDRO BRAUN", "texto_original": "http://sapl.imbuia.sc.leg.br/media/./sapl/public/materialegislativa/2014/47/47_texto_integral.pdf", "ementa": "DISP\u00d5E SOBRE O SISTEMA DE GRAVA\u00c7\u00c3O DAS SESS\u00d5ES DA C\u00c2MARA MUNICIPAL E DA OUTRAS PROVID\u00caNCIAS."}, {"id": "62", "ano": "2014", "numero": "7", "tipo__sigla": "PDL", "tipo__descricao": "Projeto de Decreto Legislativo", "autoria": "LEONIR PEDRO BRAUN", "texto_original": "http://sapl.imbuia.sc.leg.br/media/./sapl/public/materialegislativa/2014/62/62_texto_integral.pdf", "ementa": "APROVA AS CONTAS DA PREFEITURA MUNICIPAL DE IMBUIA REFERENTE AO EXECICIO O EXERCICIO FINANCEIRO DE 2013"}, {"id": "63", "ano": "2014", "numero": "8", "tipo__sigla": "PDL", "tipo__descricao": "Projeto de Decreto Legislativo", "autoria": "LEONIR PEDRO BRAUN", "texto_original": "http://sapl.imbuia.sc.leg.br/media/./sapl/public/materialegislativa/2014/63/63_texto_integral.pdf", "ementa": "HOMOLOGA O LAUDO DE AVALIA\u00c7\u00c3O BENS PATRIMONIAIS CONSIDERADOS COMO DESNECESS\u00c1RIO E INSERV\u00cdVEIS PARA O USO DA C\u00c2MARA MUNICIPAL DE VEREADORES DE IMBUIA E DA OUTRAS PROVID\u00caNCIAS."}, {"id": "31", "ano": "2014", "numero": "1", "tipo__sigla": "PLC", "tipo__descricao": "Projeto de Lei Complementar", "autoria": "ANT\u00d4NIO OSCAR LAURINDO", "texto_original": "http://sapl.imbuia.sc.leg.br/media/./sapl/public/materialegislativa/2014/31/31_texto_integral.pdf", "ementa": "ALTERA O ANEXO I DA LEI COMPLEMENTAR N\u00b0 35, DE 21 DE DEZEMBRO DE 2006 (PLANO DE CARREIRA DO MAGIST\u00c9RIO P\u00daBLICO MUNICIPAL DE IMBUIA), E D\u00c1 OUTRAS PROVID\u00caNCIAS"}, {"id": "53", "ano": "2014", "numero": "9", "tipo__sigla": "PLC", "tipo__descricao": "Projeto de Lei Complementar", "autoria": "LEONIR PEDRO BRAUN", "texto_original": "http://sapl.imbuia.sc.leg.br/media/./sapl/public/materialegislativa/2014/53/53_texto_integral.pdf", "ementa": "ALTERA CARGA HORARIA DO CARGO EFETIVO DE CONTADOR DO QUADRO DE PESSOAL DA C\u00c2MARA DE VVEREADORES DE IMBUIA"}, {"id": "59", "ano": "2014", "numero": "10", "tipo__sigla": "PLC", "tipo__descricao": "Projeto de Lei Complementar", "autoria": "ANT\u00d4NIO OSCAR LAURINDO", "texto_original": "http://sapl.imbuia.sc.leg.br/media/./sapl/public/materialegislativa/2014/59/59_texto_integral.pdf", "ementa": "ALTERA DOS DISPOSITIVOS DA LEI COMPLEMENTAR N\u00ba 07, DE 30 DE DEZEMBRO DE 2002. "}, {"id": "60", "ano": "2014", "numero": "11", "tipo__sigla": "PLC", "tipo__descricao": "Projeto de Lei Complementar", "autoria": "ANT\u00d4NIO OSCAR LAURINDO", "texto_original": "http://sapl.imbuia.sc.leg.br/media/./sapl/public/materialegislativa/2014/60/60_texto_integral.pdf", "ementa": "ALTERA OS DISPOSITIVOS DA LEI COMPLEMENTAR N\u00ba 53 DE 22 DE NOVEMBRO DE 2009."}, {"id": "28", "ano": "2014", "numero": "1", "tipo__sigla": "PLO", "tipo__descricao": "Projeto de Lei Ordin\u00e1ria", "autoria": "ELIAS EGER", "texto_original": "http://sapl.imbuia.sc.leg.br/media/./sapl/public/materialegislativa/2014/28/28_texto_integral.pdf", "ementa": "DISP\u00d5E SOBRE DENOMINA\u00c7\u00c3O DE RUA"}, {"id": "29", "ano": "2014", "numero": "2", "tipo__sigla": "PLO", "tipo__descricao": "Projeto de Lei Ordin\u00e1ria", "autoria": "LEONIR PEDRO BRAUN", "texto_original": "http://sapl.imbuia.sc.leg.br/media/./sapl/public/materialegislativa/2014/29/29_texto_integral.pdf", "ementa": "DISP\u00d5E SOBRE DENOMINA\u00c7\u00c3O DE RUA."}, {"id": "30", "ano": "2014", "numero": "3", "tipo__sigla": "PLO", "tipo__descricao": "Projeto de Lei Ordin\u00e1ria", "autoria": "ANT\u00d4NIO OSCAR LAURINDO", "texto_original": "http://sapl.imbuia.sc.leg.br/media/./sapl/public/materialegislativa/2014/30/30_texto_integral.pdf", "ementa": "CONCEDE REVIS\u00c3O GERAL ANUAL AOS SERVIDORES P\u00daBLICOS MUNICIPAIS, ATIVOS E INATIVOS, DO EXECUTIVO E LEGISLATIVO, INCLUSIVE AOS AGENTES POL\u00cdTICOS, CONFORME ESTABELECE O ARTIGO 37, INCISO X, DA CONSTITUI\u00c7\u00c3O FEDERAL E ARTIGO 18-A DA LEI ORG\u00c2NICA DO MUNIC\u00cdPIO DE IMBUIA E D\u00c1 OUTRAS PROVID\u00caNCIAS"}, {"id": "36", "ano": "2014", "numero": "4", "tipo__sigla": "PLO", "tipo__descricao": "Projeto de Lei Ordin\u00e1ria", "autoria": "ANT\u00d4NIO OSCAR LAURINDO", "texto_original": "http://sapl.imbuia.sc.leg.br/media/", "ementa": "AUTORIZA O EXECUTIVO MUNICIPAL A CELEBRAR CONV\u00caNIO COM A ASSOCIA\u00c7\u00c3O DAS IRM\u00c3S FRANCISCANAS DE S\u00c3O JOS\u00c9 - HOSPITAL BOM JESUS, CONFORME ESPECIFICA, E D\u00c1 OUTRAS PROVID\u00caNCIAS."}, {"id": "37", "ano": "2014", "numero": "5", "tipo__sigla": "PLO", "tipo__descricao": "Projeto de Lei Ordin\u00e1ria", "autoria": "ANT\u00d4NIO OSCAR LAURINDO", "texto_original": "http://sapl.imbuia.sc.leg.br/media/", "ementa": "AUTORIZA O PODER EXECUTIVO A CELEBRAR TERMO DE ACORDO EXTRAJUDICIAL."}, {"id": "49", "ano": "2014", "numero": "35", "tipo__sigla": "PLO", "tipo__descricao": "Projeto de Lei Ordin\u00e1ria", "autoria": "ANT\u00d4NIO OSCAR LAURINDO", "texto_original": "http://sapl.imbuia.sc.leg.br/media/./sapl/public/materialegislativa/2014/49/49_texto_integral.pdf", "ementa": "AUTORIZA O EXECUTIVO MUNICIPAL A SUPLEMENTAR DOTA\u00c7\u00d5ES OR\u00c7AMENTARIAS E D\u00c1 OUTRAS PROVID\u00caNCIAS  "}, {"id": "52", "ano": "2014", "numero": "36", "tipo__sigla": "PLO", "tipo__descricao": "Projeto de Lei Ordin\u00e1ria", "autoria": "ANT\u00d4NIO OSCAR LAURINDO", "texto_original": "http://sapl.imbuia.sc.leg.br/media/./sapl/public/materialegislativa/2014/52/52_texto_integral.pdf", "ementa": "DISP\u00d5E SOBRE AS DIRETRIZES PARA ELABORA\u00c7\u00c3O DA LEI OR\u00c7AMENT\u00c1RIA - 2015 E DA OUTRAS PROVIDENCIAS "}, {"id": "55", "ano": "2014", "numero": "37", "tipo__sigla": "PLO", "tipo__descricao": "Projeto de Lei Ordin\u00e1ria", "autoria": "ANT\u00d4NIO OSCAR LAURINDO", "texto_original": "http://sapl.imbuia.sc.leg.br/media/./sapl/public/materialegislativa/2014/55/55_texto_integral.pdf", "ementa": "AUTORIZA O EXECUTIVO MUNICIPAL A SUPLEMENTAR DOTA\u00c7\u00d5ES OR\u00c7AMENT\u00c1RIAS E DA OUTRAS PROVID\u00caNCIAS"}, {"id": "56", "ano": "2014", "numero": "38", "tipo__sigla": "PLO", "tipo__descricao": "Projeto de Lei Ordin\u00e1ria", "autoria": "ANT\u00d4NIO OSCAR LAURINDO", "texto_original": "http://sapl.imbuia.sc.leg.br/media/./sapl/public/materialegislativa/2014/56/56_texto_integral.pdf", "ementa": "DISPOE SOBRE O OR\u00c7AMENTO DO MUNIC\u00cdPIO DE IMBUIA PARA O EXERC\u00cdCIO DE 2015."}, {"id": "57", "ano": "2014", "numero": "39", "tipo__sigla": "PLO", "tipo__descricao": "Projeto de Lei Ordin\u00e1ria", "autoria": "ANT\u00d4NIO OSCAR LAURINDO", "texto_original": "http://sapl.imbuia.sc.leg.br/media/./sapl/public/materialegislativa/2014/57/57_texto_integral.pdf", "ementa": "AUTORIZA O PODER EXECUTIVO A CANCELAR D\u00c9BITOS DOS CONTRIBUINTES CONSTANTES DEVIDO A SUA PRESCRI\u00c7\u00c3O E DA OUTRAS PROVID\u00caNCIAS."}, {"id": "58", "ano": "2014", "numero": "40", "tipo__sigla": "PLO", "tipo__descricao": "Projeto de Lei Ordin\u00e1ria", "autoria": "ANT\u00d4NIO OSCAR LAURINDO", "texto_original": "http://sapl.imbuia.sc.leg.br/media/./sapl/public/materialegislativa/2014/58/58_texto_integral.pdf", "ementa": "INSTITUI O DIARIO OFICIAL DOS MUNICIPIOS DE SANTA CATARINA COMO \u00d3RG\u00c3O DE PUBLICA\u00c7\u00c3O OFICIAL."}, {"id": "61", "ano": "2014", "numero": "41", "tipo__sigla": "PLO", "tipo__descricao": "Projeto de Lei Ordin\u00e1ria", "autoria": "ANT\u00d4NIO OSCAR LAURINDO", "texto_original": "http://sapl.imbuia.sc.leg.br/media/./sapl/public/materialegislativa/2014/61/61_texto_integral.pdf", "ementa": "REVOGA OS DISPOSITIVOS CONSTANTES DA LEI N\u00ba 1.436, DE 04 DE DEZEMBRO DE 2009."}, {"id": "32", "ano": "2014", "numero": "1", "tipo__sigla": "PRE", "tipo__descricao": "Projeto de Resolu\u00e7\u00e3o", "autoria": "LEONIR PEDRO BRAUN, ANT\u00d4NIO TRUPPEL, ELIAS EGER, FRANCISCO ADENIR RODE", "texto_original": "http://sapl.imbuia.sc.leg.br/media/./sapl/public/materialegislativa/2014/32/32_texto_integral.pdf", "ementa": "AUTORIZA VEREADORES E SERVIDORES A PARTICIPAREM DO CURSO DE ESTRUTURA E ORGANIZA\u00c7\u00c3O DA C\u00c2MARA MUNICIPAL E O INICIO DA SESS\u00c3O LEGISLATIVA DE 2014"}, {"id": "43", "ano": "2014", "numero": "10", "tipo__sigla": "PRE", "tipo__descricao": "Projeto de Resolu\u00e7\u00e3o", "autoria": "LEONIR PEDRO BRAUN, ANT\u00d4NIO TRUPPEL, ELIAS EGER, FRANCISCO ADENIR RODE", "texto_original": "http://sapl.imbuia.sc.leg.br/media/./sapl/public/materialegislativa/2014/43/43_texto_integral.pdf", "ementa": "AUTORIZA \u00c0 PARTICIPA\u00c7\u00c3O DE VEREADORES E SERVIDORES NO CURSO DE CAPACITA\u00c7\u00c3O DE VEREADORES, PREFEITOS, VICE-PREFEITOS, SECRET\u00c1RIO MUNICIPAIS, GESTORES, ASSESSORES, SERVIDORES P\u00daBLICOS E SERVIDORES DE PREDEVID\u00caNCIA MUNICIPAL."}, {"id": "44", "ano": "2014", "numero": "11", "tipo__sigla": "PRE", "tipo__descricao": "Projeto de Resolu\u00e7\u00e3o", "autoria": "LEONIR PEDRO BRAUN", "texto_original": "http://sapl.imbuia.sc.leg.br/media/./sapl/public/materialegislativa/2014/44/44_texto_integral.pdf", "ementa": "CRIA O ESPA\u00c7O CULTURAL DA C\u00c2MARA MUNICIPAL DE IMBUIA\r\n"}, {"id": "54", "ano": "2014", "numero": "14", "tipo__sigla": "PRE", "tipo__descricao": "Projeto de Resolu\u00e7\u00e3o", "autoria": "LEONIR PEDRO BRAUN", "texto_original": "http://sapl.imbuia.sc.leg.br/media/./sapl/public/materialegislativa/2014/54/54_texto_integral.pdf", "ementa": "AUTORIZA \u00c0 PARTICIPA\u00c7\u00c3O DE VEREADORES NO CONGRESSO ESTADUAL DE VEREADORES."}, {"id": "64", "ano": "2014", "numero": "15", "tipo__sigla": "PRE", "tipo__descricao": "Projeto de Resolu\u00e7\u00e3o", "autoria": "LEONIR PEDRO BRAUN", "texto_original": "http://sapl.imbuia.sc.leg.br/media/./sapl/public/materialegislativa/2014/64/64_texto_integral.pdf", "ementa": "AUTORIZA A ENTREGA DE BENS INSERVIVEIS AO PODER EXECUTIVO MUNICIPAL "}, {"id": "33", "ano": "2014", "numero": "1", "tipo__sigla": "REQ", "tipo__descricao": "Requerimento", "autoria": "ANT\u00d4NIO TRUPPEL", "texto_original": "http://sapl.imbuia.sc.leg.br/media/./sapl/public/materialegislativa/2014/33/33_texto_integral.pdf", "ementa": "CONCEDE LICEN\u00c7A PARA TRATAR DE INTERESSE PARTICULAR NO PER\u00cdODO DE 01 A 31 DE MAR\u00c7O DE 2014, AO VEREADOR ANT\u00d4NIO TRUPPEL."}, {"id": "34", "ano": "2014", "numero": "2", "tipo__sigla": "REQ", "tipo__descricao": "Requerimento", "autoria": "ELIAS EGER", "texto_original": "http://sapl.imbuia.sc.leg.br/media/./sapl/public/materialegislativa/2014/34/34_texto_integral.pdf", "ementa": "CONCEDE LICEN\u00c7A PARA TRATAR DE INTERESSE PARTICULAR NO PER\u00cdODO DE 01 A 31 DE MAR\u00c7O DE 2014, AO VEREADOR ELIAS EGER."}, {"id": "35", "ano": "2014", "numero": "3", "tipo__sigla": "REQ", "tipo__descricao": "Requerimento", "autoria": "EDONI JO\u00c3O JUSTEN", "texto_original": "http://sapl.imbuia.sc.leg.br/media/./sapl/public/materialegislativa/2014/35/35_texto_integral.pdf", "ementa": "CONCEDE LICEN\u00c7A PARA TRATAR DE INTERESSE PARTICULAR NO PER\u00cdODO DE 01 A 31 DE MAR\u00c7O DE 2014, AO VEREADOR EDONI JO\u00c3O JUSTEN."}, {"id": "42", "ano": "2014", "numero": "16", "tipo__sigla": "REQ", "tipo__descricao": "Requerimento", "autoria": "FRANCISCO ADENIR RODE", "texto_original": "http://sapl.imbuia.sc.leg.br/media/./sapl/public/materialegislativa/2014/42/42_texto_integral.pdf", "ementa": "REQUER AO EXECUTIVO MUNICIPAL INFORMA\u00c7\u00d5ES SOBRE ONDE ESTA GUARDADA A LOCOMOTIVA QUE SE ENCONTRAVA NA ENTRADA DO PARQUE MUNICIPAL DE EXPOSI\u00c7\u00d5ES E EVENTOS."}, {"id": "50", "ano": "2014", "numero": "17", "tipo__sigla": "REQ", "tipo__descricao": "Requerimento", "autoria": "EDEGAR RENGEL", "texto_original": "http://sapl.imbuia.sc.leg.br/media/./sapl/public/materialegislativa/2014/50/50_texto_integral.pdf", "ementa": "EU, EDEGAR RENGEL, VEREADOR DESTE MUNIC\u00cdPIO VENHO REQUERER ATRAV\u00c9S DESTE PARA QUE N\u00c3O SEJA DESCONTADA EM FOLHA A FALTA NA SESS\u00c3O ORDIN\u00c1RIA REALIZADA NO DIA 20 DE OUTUBRO DE 2014  "}]}