{"headers": {"id": "ID", "ano": "Ano", "numero": "N\u00famero", "tipo__sigla": "Tipo de Mat\u00e9ria Legislativa/Sigla", "tipo__descricao": "Tipo de Mat\u00e9ria Legislativa/Descri\u00e7\u00e3o", "autoria": "Autorias", "texto_original": "Texto Original", "ementa": "Ementa"}, "results": [{"id": "3", "ano": "2013", "numero": "1", "tipo__sigla": "IN", "tipo__descricao": "Indica\u00e7\u00e3o", "autoria": "LEONIR PEDRO BRAUN", "texto_original": "http://sapl.imbuia.sc.leg.br/media/./sapl/public/materialegislativa/2013/3/3_texto_integral.pdf", "ementa": "SOLICITA AO EXECUTIVO MUNICIPAL, ESTUDOS DE VIABILIDADE NO SENTIDO DE DISPONIBILIZAR UM VE\u00cdCULO GRATUITO PARA TRANSPORTE AOS MUN\u00cdCIPES QUE FREQUENTAM CURSOS NOS MUNIC\u00cdPIOS DE ITUPORANGA E RIO DO SUL NO PER\u00cdODO NOTURNO, COM PRIORIDADE PARA OS CURSOS DE N\u00cdVEL SUPERIOR, SEM PREJU\u00cdZO AOS DEMAIS MUN\u00cdCIPES CONTEMPLADOS PELA LEI N\u00b0 1.520, DE 28 DE FEVEREIRO DE 2012."}, {"id": "4", "ano": "2013", "numero": "2", "tipo__sigla": "IN", "tipo__descricao": "Indica\u00e7\u00e3o", "autoria": "ANT\u00d4NIO TRUPPEL", "texto_original": "http://sapl.imbuia.sc.leg.br/media/./sapl/public/materialegislativa/2013/4/4_texto_integral.pdf", "ementa": "SOLICITA A EMPRESA DE TELEFONIA OI, QUE PROCEDA ESTUDOS E A IMPLANTA\u00c7\u00c3O DE SINAL DE TELEFONE CELULAR NAS COMUNIDADES DE NOVA ALEMANHA (TRECHO ENTRE IM\u00d3VEL DO ESP\u00d3LIO DE ANITA KAMMERS AT\u00c9 AO TREVO DE ACESSO PARA ITUPORANGA), NA SC 428, LOCALIDADE DE ALTO IVA\u00cd, RIO ENGANO E GARRAF\u00c3O."}, {"id": "5", "ano": "2013", "numero": "3", "tipo__sigla": "IN", "tipo__descricao": "Indica\u00e7\u00e3o", "autoria": "LEONIR PEDRO BRAUN", "texto_original": "http://sapl.imbuia.sc.leg.br/media/./sapl/public/materialegislativa/2013/5/5_texto_integral.pdf", "ementa": "SOLICITA AO EXECUTIVO MUNICIPAL, ESTUDOS DE VIABILIDADE PARA ADEQUA\u00c7\u00c3O DO PER\u00cdMETRO URBANO, POIS O MESMO ESTA CORTANDO MUITOS TERRENOS AO MEIO PREJUDICANDO O CRESCIMENTO URBANO DE NOSSO MUNIC\u00cdPIO."}, {"id": "6", "ano": "2013", "numero": "4", "tipo__sigla": "IN", "tipo__descricao": "Indica\u00e7\u00e3o", "autoria": "FRANCISCO ADENIR RODE", "texto_original": "http://sapl.imbuia.sc.leg.br/media/./sapl/public/materialegislativa/2013/6/6_texto_integral.pdf", "ementa": "SOLICITA AO EXECUTIVO MUNICIPAL ESTUDOS DE VIABILIDADE PARA FAZER O ALARGAMENTO DA PONTE DA ESTRADA GERAL QUE LIGA AS COMUNIDADES DE CAMPO DAS FLORES E RIO ENGANO, BEM COMO FAZER UMA LIMPEZA PARA MELHORAR A VIS\u00c3O DOS TRANSEUNTES DEVIDO A V\u00c1RIOS ACIDENTES QUE J\u00c1 OCORRERAM NO LOCAL."}, {"id": "7", "ano": "2013", "numero": "5", "tipo__sigla": "IN", "tipo__descricao": "Indica\u00e7\u00e3o", "autoria": "ELIAS EGER", "texto_original": "http://sapl.imbuia.sc.leg.br/media/", "ementa": "SOLICITA AO EXECUTIVO MUNICIPAL ESTUDOS DE VIABILIDADE PARA QUE SEJAM INSTALADAS PLACAS QUE INDICAM A DIVIS\u00c3O DO MUNIC\u00cdPIO DE IMBUIA COM MUNIC\u00cdPIOS VIZINHOS E TAMB\u00c9M PLACAS INDICANDO AS COMUNIDADES."}, {"id": "8", "ano": "2013", "numero": "6", "tipo__sigla": "IN", "tipo__descricao": "Indica\u00e7\u00e3o", "autoria": "ELIAS EGER", "texto_original": "http://sapl.imbuia.sc.leg.br/media/./sapl/public/materialegislativa/2013/8/8_texto_integral.pdf", "ementa": "SOLICITA AO EXECUTIVO MUNICIPAL ESTUDOS DE VIABILIDADE PARA QUE SEJA FEITO O ALARGAMENTO DA ESTRADA GERAL DA COMUNIDADE DE FURNA RIO BONITO, DEVIDO SER UM DOS ACESSOS PRINCIPAIS COM DESTINO AOS MUNIC\u00cdPIOS DE ALFREDO WAGNER E CAPITAL FLORIAN\u00d3POLIS."}, {"id": "9", "ano": "2013", "numero": "7", "tipo__sigla": "IN", "tipo__descricao": "Indica\u00e7\u00e3o", "autoria": "LEONIR PEDRO BRAUN", "texto_original": "http://sapl.imbuia.sc.leg.br/media/./sapl/public/materialegislativa/2013/9/9_texto_integral.pdf", "ementa": "SOLICITA AO EXECUTIVO MUNICIPAL PARA QUE SEJA FEITO ESTUDOS DE VIABILIDADE PARA PAVIMENTA\u00c7\u00c3O ASF\u00c1LTICA DAS \u00daNICAS DUAS RUAS DO MUNIC\u00cdPIO QUE LIGAM O CENTRO AO INTERIOR (ADOLFO MELLO A BRACATINGA, E JO\u00c3O RAITZ AO GARRAF\u00c3O), SENDO QUE A NOVA ALEMANHA E SAMAMBAIA J\u00c1 EST\u00c3O PAVIMENTADAS E VISTA ALEGRE PRATICAMENTE CONCLU\u00cdDA."}, {"id": "10", "ano": "2013", "numero": "8", "tipo__sigla": "IN", "tipo__descricao": "Indica\u00e7\u00e3o", "autoria": "LEONIR PEDRO BRAUN", "texto_original": "http://sapl.imbuia.sc.leg.br/media/./sapl/public/materialegislativa/2013/10/10_texto_integral.pdf", "ementa": "SOLICITA AO EXECUTIVO MUNICIPAL PARA QUE SEJA FEITO ESTUDOS DE VIABILIDADE PARA O ALARGAMENTO E CASCALHAMENTO DA ESTRADA GERAL FUNDOS SAMAMBAIA DESDE A PROPRIEDADE DO SENHOR OSVALDINHO VENERA DA ROSA (SILOCA) AT\u00c9 A PROPRIEDADE DO SENHOR CASTELO DE OLIVEIRA, POIS A MESMA CONSTA MUITO ESTREITA E J\u00c1 FOI CAUSADORA DE V\u00c1RIOS ACIDENTES TRAZENDO PREJU\u00cdZOS PARA AMBAS AS PARTES."}, {"id": "11", "ano": "2013", "numero": "9", "tipo__sigla": "IN", "tipo__descricao": "Indica\u00e7\u00e3o", "autoria": "EDONI JO\u00c3O JUSTEN", "texto_original": "http://sapl.imbuia.sc.leg.br/media/./sapl/public/materialegislativa/2013/11/11_texto_integral.pdf", "ementa": "SOLICITA AO EXECUTIVO MUNICIPAL ESTUDOS DE VIABILIDADE PARA QUE SEJA FEITO UMA FAIXA CENTRAL CONHECIDA COMO ILHA PARA ACESSO DOS VE\u00cdCULOS, QUE SEGUEM PARA INICIO DA AVENIDA BERNARDINO DE ANDRADE COM SA\u00cdDA PARA A ESQUERDA SENTIDO COMUNIDADE DE VISTA ALEGRE, OBJETIVANDO A MELHORIA DO FLUXO, BEM COMO, A SEGURAN\u00c7A DOS MOTORISTAS E PEDESTRES."}, {"id": "12", "ano": "2013", "numero": "10", "tipo__sigla": "IN", "tipo__descricao": "Indica\u00e7\u00e3o", "autoria": "LEONIR PEDRO BRAUN", "texto_original": "http://sapl.imbuia.sc.leg.br/media/./sapl/public/materialegislativa/2013/12/12_texto_integral.pdf", "ementa": "SOLICITA AO EXECUTIVO MUNICIPAL PARA QUE SEJA FEITO ESTUDOS DE VIABILIDADE PARA A CONCLUS\u00c3O DO MEIO FIO NAS RUAS PAVIMENTADAS (ASFALTO E CAL\u00c7AMENTO) DE IMBUIA E COLOCA\u00c7\u00c3O DE PEDRAS MI\u00daDAS NO PASSEIO PARA QUE COM ISSO POSSO MINIMIZAR O PROBLEMA DE CHUVAS NAS BOCAS DE LOBOS ONDE ALGUMAS EST\u00c3O BAIXAS E OUTRAS ALTAS EM RELA\u00c7\u00c3O \u00c0S RUAS."}, {"id": "13", "ano": "2013", "numero": "11", "tipo__sigla": "IN", "tipo__descricao": "Indica\u00e7\u00e3o", "autoria": "JARMAS MACHADO", "texto_original": "http://sapl.imbuia.sc.leg.br/media/./sapl/public/materialegislativa/2013/13/13_texto_integral.pdf", "ementa": "O VEREADOR QUE ABAIXO SUBSCREVE, REQUER A ESTA SECRETARIA ESTUDOS DE VIABILIDADE COM MAIOR BREVIDADE POSS\u00cdVEL PARA QUE SEJA COLOCA UMA LOMBADA F\u00cdSICA NA RODOVIA SC 428, NO KM 10, NA COMUNIDADE DE SAMAMBAIA, NAS PROXIMIDADES DO AUTO POSTO HERARDT E ENTRADA DE ACESSO A COMUNIDADE DE RIO BONITO."}, {"id": "14", "ano": "2013", "numero": "12", "tipo__sigla": "IN", "tipo__descricao": "Indica\u00e7\u00e3o", "autoria": "LEONIR PEDRO BRAUN", "texto_original": "http://sapl.imbuia.sc.leg.br/media/./sapl/public/materialegislativa/2013/14/14_texto_integral.pdf", "ementa": "SOLICITA AO EXECUTIVO MUNICIPAL, ESTUDOS DE VIABILIDADE PARA QUE SEJAM MUDADAS AS FAIXAS DE PEDESTRES QUE SE ENCONTRAM NAS ESQUINAS PARA PONTOS MAIS ESTRAT\u00c9GICOS BEM COMO PINTADAS AS MESMAS E A FAIXA CENTRAL DAS VIAS P\u00daBLICAS NO CENTRO DO MUNIC\u00cdPIO."}, {"id": "15", "ano": "2013", "numero": "13", "tipo__sigla": "IN", "tipo__descricao": "Indica\u00e7\u00e3o", "autoria": "LEONIR PEDRO BRAUN", "texto_original": "http://sapl.imbuia.sc.leg.br/media/./sapl/public/materialegislativa/2013/15/15_texto_integral.pdf", "ementa": "O VEREADOR QUE ABAIXO SUBSCREVE, SOLICITA AO EXECUTIVO MUNICIPAL ESTUDO DE VIABILIDADE PARA QUE SEJA FEITO UMA LOMBADA NA RUA FREI SILVIO EM FRENTE A EMPRESA IMBUMETAL, DEVIDO AO TR\u00c1FICO DE VE\u00cdCULO SER MUITO CONSTANTE."}, {"id": "16", "ano": "2013", "numero": "14", "tipo__sigla": "IN", "tipo__descricao": "Indica\u00e7\u00e3o", "autoria": "LEONIR PEDRO BRAUN", "texto_original": "http://sapl.imbuia.sc.leg.br/media/./sapl/public/materialegislativa/2013/16/16_texto_integral.pdf", "ementa": "O VEREADOR QUE ABAIXO SUBSCREVE, SOLICITA AO EXECUTIVO MUNICIPAL ESTUDO DE VIABILIDADE PARA QUE SEJA COLOCADA ILUMINA\u00c7\u00c3O P\u00daBLICA NO CANTEIRO DO TREVO NA RODOVIA SC 428, ACESSO A RUA PEDRO TEIXEIRA, POIS A DIFICULDADE NA VISIBILIDADE DE MOTORISTAS E PEDESTRES NESTE LOCAL NO PER\u00cdODO NOTURNO FICA PREJUDICADA DEVIDO A ESCURID\u00c3O."}, {"id": "17", "ano": "2013", "numero": "15", "tipo__sigla": "IN", "tipo__descricao": "Indica\u00e7\u00e3o", "autoria": "EDONI JO\u00c3O JUSTEN", "texto_original": "http://sapl.imbuia.sc.leg.br/media/./sapl/public/materialegislativa/2013/17/17_texto_integral.pdf", "ementa": "SOLICITA ESTUDOS DE VIABILIDADE PARA QUE SEJAM IMPLANTADOS REDUTORES FISICOS E/OU ELETR\u00d4NICOS DE VELOCIDADE NO TRECHO QUE LIGA O CENTRO DE IMBUIA A SC 302."}, {"id": "18", "ano": "2013", "numero": "16", "tipo__sigla": "IN", "tipo__descricao": "Indica\u00e7\u00e3o", "autoria": "EDONI JO\u00c3O JUSTEN", "texto_original": "http://sapl.imbuia.sc.leg.br/media/./sapl/public/materialegislativa/2013/18/18_texto_integral.pdf", "ementa": "SOLICITA ESTUDOS DE VIABILIDADE PARA QUE SEJA MELHORADA A ENTRADA QUE D\u00c1 ACESSO DA VALADA PROGRESSO \u00c0 COMUNIDADE DE ALTO IVA\u00cd, DANDO MAIS VISIBILIDADE."}, {"id": "19", "ano": "2013", "numero": "17", "tipo__sigla": "IN", "tipo__descricao": "Indica\u00e7\u00e3o", "autoria": "EDONI JO\u00c3O JUSTEN", "texto_original": "http://sapl.imbuia.sc.leg.br/media/./sapl/public/materialegislativa/2013/19/19_texto_integral.pdf", "ementa": "REQUER AO EXECUTIVO MUNICIPAL ESTUDOS DE VIABILIDADE PARA QUE SEJA TRANSFERIDO O IM\u00d3VEL \"VIA DOA\u00c7\u00c3O P\u00daBLICA\" DO PODER P\u00daBLICO MUNICIPAL \u00c0 APAE DE IMBUIA."}, {"id": "20", "ano": "2013", "numero": "18", "tipo__sigla": "IN", "tipo__descricao": "Indica\u00e7\u00e3o", "autoria": "EDONI JO\u00c3O JUSTEN", "texto_original": "http://sapl.imbuia.sc.leg.br/media/./sapl/public/materialegislativa/2013/20/20_texto_integral.pdf", "ementa": "SOLICITA ESTUDO DE VIABILIDADE, PARA QUE SEJAM INSTALADAS C\u00c2MERAS DE VIGIL\u00c2NCIA EM PONTOS ESTRAT\u00c9GICOS DA CIDADE;"}, {"id": "21", "ano": "2013", "numero": "19", "tipo__sigla": "IN", "tipo__descricao": "Indica\u00e7\u00e3o", "autoria": "JARMAS MACHADO", "texto_original": "http://sapl.imbuia.sc.leg.br/media/./sapl/public/materialegislativa/2013/21/21_texto_integral.pdf", "ementa": "SOLICITA ATRAV\u00c9S DESTA SECRETARIA E DEMAIS AUTORIDADES COMPETENTES A DESTINA\u00c7\u00c3O DE RECURSOS FINANCEIROS ATRAV\u00c9S DA SECRETARIA DE ESTADO DE TURISMO, CULTURA E ESPORTE, PARA A CONSTRU\u00c7\u00c3O DE UMA QUADRA DE ESPORTES COBERTA NA COMUNIDADE DE BRACATINGA, MUNIC\u00cdPIO DE IMBUIA."}, {"id": "26", "ano": "2013", "numero": "4", "tipo__sigla": "PLO", "tipo__descricao": "Projeto de Lei Ordin\u00e1ria", "autoria": "LEONIR PEDRO BRAUN", "texto_original": "http://sapl.imbuia.sc.leg.br/media/./sapl/public/materialegislativa/2013/26/26_texto_integral.pdf", "ementa": "DISP\u00d5E SOBRE DENOMINA\u00c7\u00c3O DE RUA."}, {"id": "27", "ano": "2013", "numero": "5", "tipo__sigla": "PLO", "tipo__descricao": "Projeto de Lei Ordin\u00e1ria", "autoria": "EDEGAR RENGEL", "texto_original": "http://sapl.imbuia.sc.leg.br/media/./sapl/public/materialegislativa/2013/27/27_texto_integral.pdf", "ementa": "ANULA E SUPLEMENTA DOTA\u00c7\u00d5ES OR\u00c7AMENT\u00c1RIAS."}, {"id": "22", "ano": "2013", "numero": "1", "tipo__sigla": "REQ", "tipo__descricao": "Requerimento", "autoria": "FRANCISCO ADENIR RODE", "texto_original": "http://sapl.imbuia.sc.leg.br/media/./sapl/public/materialegislativa/2013/22/22_texto_integral.pdf", "ementa": "REQUER AO EXECUTIVO MUNICIPAL QUE REPASSE A ESTA CASA UM RELAT\u00d3RIO DOS SERVI\u00c7OS DE M\u00c1QUINAS INDIVIDUAIS PRESTADOS NA PROPRIEDADE DO SENHOR M\u00c1RCIO SCHAIMANN, NA COMUNIDADE DE CAMPO DAS FLORES."}, {"id": "23", "ano": "2013", "numero": "2", "tipo__sigla": "REQ", "tipo__descricao": "Requerimento", "autoria": "EDONI JO\u00c3O JUSTEN, ANT\u00d4NIO TRUPPEL", "texto_original": "http://sapl.imbuia.sc.leg.br/media/./sapl/public/materialegislativa/2013/23/23_texto_integral.pdf", "ementa": "OS VEREADORES ABAIXO ASSINADOS, REQUEREM AUTORIZA\u00c7\u00c3O DESTA CASA LEGISLATIVA, PARA PARTICIPAR DO CURSO SOBRE REGIMENTO INTERNO DA C\u00c2MARA MUNICIPAL, A SE REALIZAR NO PER\u00cdODO DE 31 DE JULHO A 02 DE AGOSTO DE 2013, NA CIDADE DE PORTO ALEGRE - RS."}, {"id": "24", "ano": "2013", "numero": "3", "tipo__sigla": "REQ", "tipo__descricao": "Requerimento", "autoria": "EDEGAR RENGEL, ELIAS EGER, FRANCISCO ADENIR RODE, LEONIR PEDRO BRAUN, RADAM\u00c9IS ARNOLD", "texto_original": "http://sapl.imbuia.sc.leg.br/media/./sapl/public/materialegislativa/2013/24/24_texto_integral.pdf", "ementa": "OS VEREADORES ABAIXO ASSINADOS, REQUEREM AUTORIZA\u00c7\u00c3O DESTA CASA LEGISLATIVA, PARA PARTICIPAR DO CURSO DE ORAT\u00d3RIA, A SE REALIZAR NO PER\u00cdODO DE 27 A 28 DE JULHO DE 2013, NA CIDADE DE FLORIAN\u00d3POLIS - SC."}, {"id": "25", "ano": "2013", "numero": "4", "tipo__sigla": "REQ", "tipo__descricao": "Requerimento", "autoria": "RADAM\u00c9IS ARNOLD", "texto_original": "http://sapl.imbuia.sc.leg.br/media/./sapl/public/materialegislativa/2013/25/25_texto_integral.pdf", "ementa": "SOLICITA AO PODER EXECUTIVO INFORMA\u00c7\u00d5ES A RESPEITO DO M\u00c9DICO VETERIN\u00c1RIO E ATENDIMENTO DE INSEMINA\u00c7\u00c3O."}]}