{"id":140,"__str__":"Indica\u00e7\u00e3o n\u00ba 17 de 2021","link_detail_backend":"/materia/140","metadata":{},"numero":17,"ano":2021,"numero_protocolo":25,"data_apresentacao":"2021-03-04","tipo_apresentacao":"E","data_publicacao":null,"numero_origem_externa":"","ano_origem_externa":null,"data_origem_externa":null,"apelido":"","dias_prazo":null,"data_fim_prazo":null,"em_tramitacao":false,"polemica":false,"objeto":"","complementar":false,"ementa":"mplanta\u00e7\u00e3o de duas lombadas f\u00edsicas na Rua Adolfo Mello: uma antes do cruzamento da Rua Cec\u00edlio Domingos da Silva e a outra nas proximidades do acesso a Rua Fridolino Sebold. Com a implanta\u00e7\u00e3o das duas lombadas, sugere-se retirar a lombada que fica em frente ao Ponto da Gula.","indexacao":"","observacao":"","resultado":"","texto_original":"http://sapl.imbuia.sc.leg.br/media/sapl/public/materialegislativa/2021/140/indicacoes00098.docx","data_ultima_atualizacao":"2021-03-16T09:51:42.754582-03:00","ip":"179.97.120.75","ultima_edicao":"2021-03-09T08:47:12.478052-03:00","tipo":8,"regime_tramitacao":1,"tipo_origem_externa":null,"local_origem_externa":null,"user":15,"anexadas":[],"autores":[6]}