{"id":11,"__str__":"Indica\u00e7\u00e3o n\u00ba 9 de 2013","link_detail_backend":"/materia/11","metadata":{},"numero":9,"ano":2013,"numero_protocolo":null,"data_apresentacao":"2013-03-07","tipo_apresentacao":"E","data_publicacao":null,"numero_origem_externa":"","ano_origem_externa":null,"data_origem_externa":null,"apelido":"","dias_prazo":null,"data_fim_prazo":null,"em_tramitacao":false,"polemica":null,"objeto":"","complementar":null,"ementa":"SOLICITA AO EXECUTIVO MUNICIPAL ESTUDOS DE VIABILIDADE PARA QUE SEJA FEITO UMA FAIXA CENTRAL CONHECIDA COMO ILHA PARA ACESSO DOS VE\u00cdCULOS, QUE SEGUEM PARA INICIO DA AVENIDA BERNARDINO DE ANDRADE COM SA\u00cdDA PARA A ESQUERDA SENTIDO COMUNIDADE DE VISTA ALEGRE, OBJETIVANDO A MELHORIA DO FLUXO, BEM COMO, A SEGURAN\u00c7A DOS MOTORISTAS E PEDESTRES.","indexacao":"ILHA ACESSO VE\u00cdCULOS FAIXA CENTRAL","observacao":"","resultado":"","texto_original":"http://sapl.imbuia.sc.leg.br/media/sapl/public/materialegislativa/2013/11/11_texto_integral.pdf","data_ultima_atualizacao":"2018-09-27T11:14:52.730427-03:00","ip":"","ultima_edicao":null,"tipo":8,"regime_tramitacao":1,"tipo_origem_externa":null,"local_origem_externa":null,"user":null,"anexadas":[],"autores":[5]}