{"id":119,"__str__":"Mo\u00e7\u00e3o n\u00ba 1 de 2021","link_detail_backend":"/materia/119","metadata":{},"numero":1,"ano":2021,"numero_protocolo":4,"data_apresentacao":"2021-02-08","tipo_apresentacao":"E","data_publicacao":null,"numero_origem_externa":"","ano_origem_externa":null,"data_origem_externa":null,"apelido":"","dias_prazo":null,"data_fim_prazo":null,"em_tramitacao":false,"polemica":false,"objeto":"","complementar":false,"ementa":"Mo\u00e7\u00e3o de Apelo a ser direcionada ao Governador do Estado de Santa Catarina, no sentido de incluir os profissionais da educa\u00e7\u00e3o na 2\u00aa etapa de vacina\u00e7\u00e3o do grupo priorit\u00e1rio para recebimento da vacina do covid-19.","indexacao":"","observacao":"","resultado":"","texto_original":"http://sapl.imbuia.sc.leg.br/media/sapl/public/materialegislativa/2021/119/mocoes00017.docx","data_ultima_atualizacao":"2021-02-22T10:34:10.294182-03:00","ip":"179.97.120.75","ultima_edicao":"2021-02-08T16:47:51.588145-03:00","tipo":7,"regime_tramitacao":1,"tipo_origem_externa":null,"local_origem_externa":null,"user":15,"anexadas":[],"autores":[17]}